{"id":76466,"date":"2017-01-21T15:34:58","date_gmt":"2017-01-21T15:34:58","guid":{"rendered":"http:\/\/www.rosesaneuil.com\/exhibition-fragments-at-latelier\/"},"modified":"2020-05-05T10:15:29","modified_gmt":"2020-05-05T10:15:29","slug":"exhibition-fragments-at-latelier","status":"publish","type":"post","link":"https:\/\/www.rosesaneuil.com\/en\/exhibition-fragments-at-latelier\/","title":{"rendered":"Exhibition &#8220;Fragments&#8221; at l&#8217;Atelier"},"content":{"rendered":"\t\t<div data-elementor-type=\"wp-post\" data-elementor-id=\"76466\" class=\"elementor elementor-76466 elementor-75819\">\n\t\t\t\t\t\t<section class=\"elementor-section elementor-top-section elementor-element elementor-element-3fea61a elementor-section-boxed elementor-section-height-default elementor-section-height-default\" data-id=\"3fea61a\" data-element_type=\"section\" data-e-type=\"section\">\n\t\t\t\t\t\t<div class=\"elementor-container elementor-column-gap-default\">\n\t\t\t\t\t<div class=\"elementor-column elementor-col-100 elementor-top-column elementor-element elementor-element-f5e6600\" data-id=\"f5e6600\" data-element_type=\"column\" data-e-type=\"column\">\n\t\t\t<div class=\"elementor-widget-wrap elementor-element-populated\">\n\t\t\t\t\t\t<div class=\"elementor-element elementor-element-04f99d7 elementor-widget elementor-widget-spacer\" data-id=\"04f99d7\" data-element_type=\"widget\" data-e-type=\"widget\" data-widget_type=\"spacer.default\">\n\t\t\t\t<div class=\"elementor-widget-container\">\n\t\t\t\t\t\t\t<div class=\"elementor-spacer\">\n\t\t\t<div class=\"elementor-spacer-inner\"><\/div>\n\t\t<\/div>\n\t\t\t\t\t\t<\/div>\n\t\t\t\t<\/div>\n\t\t\t\t\t<\/div>\n\t\t<\/div>\n\t\t\t\t\t<\/div>\n\t\t<\/section>\n\t\t\t\t<section class=\"elementor-section elementor-top-section elementor-element elementor-element-135529f elementor-section-boxed elementor-section-height-default elementor-section-height-default\" data-id=\"135529f\" data-element_type=\"section\" data-e-type=\"section\">\n\t\t\t\t\t\t<div class=\"elementor-container elementor-column-gap-default\">\n\t\t\t\t\t<div class=\"elementor-column elementor-col-100 elementor-top-column elementor-element elementor-element-513f308\" data-id=\"513f308\" data-element_type=\"column\" data-e-type=\"column\">\n\t\t\t<div class=\"elementor-widget-wrap elementor-element-populated\">\n\t\t\t\t\t\t<div class=\"elementor-element elementor-element-43077d2 elementor-widget elementor-widget-heading\" data-id=\"43077d2\" data-element_type=\"widget\" data-e-type=\"widget\" data-widget_type=\"heading.default\">\n\t\t\t\t<div class=\"elementor-widget-container\">\n\t\t\t\t\t<h1 class=\"elementor-heading-title elementor-size-default\"><h2 data-elementor-setting-key=\"title\" data-pen-placeholder=\"\u00c9crivez ici...\">Exposition \"Fragments\" \u00e0 l'atelier<\/h2><\/h1>\t\t\t\t<\/div>\n\t\t\t\t<\/div>\n\t\t\t\t\t<\/div>\n\t\t<\/div>\n\t\t\t\t\t<\/div>\n\t\t<\/section>\n\t\t\t\t<section class=\"elementor-section elementor-top-section elementor-element elementor-element-386c600 elementor-section-boxed elementor-section-height-default elementor-section-height-default\" data-id=\"386c600\" data-element_type=\"section\" data-e-type=\"section\">\n\t\t\t\t\t\t<div class=\"elementor-container elementor-column-gap-default\">\n\t\t\t\t\t<div class=\"elementor-column elementor-col-100 elementor-top-column elementor-element elementor-element-8b615e2\" data-id=\"8b615e2\" data-element_type=\"column\" data-e-type=\"column\">\n\t\t\t<div class=\"elementor-widget-wrap elementor-element-populated\">\n\t\t\t\t\t\t<section class=\"elementor-section elementor-inner-section elementor-element elementor-element-5661181 elementor-section-boxed elementor-section-height-default elementor-section-height-default\" data-id=\"5661181\" data-element_type=\"section\" data-e-type=\"section\">\n\t\t\t\t\t\t<div class=\"elementor-container elementor-column-gap-default\">\n\t\t\t\t\t<div class=\"elementor-column elementor-col-50 elementor-inner-column elementor-element elementor-element-2950f44\" data-id=\"2950f44\" data-element_type=\"column\" data-e-type=\"column\">\n\t\t\t<div class=\"elementor-widget-wrap elementor-element-populated\">\n\t\t\t\t\t\t<div class=\"elementor-element elementor-element-505b5a37 elementor-widget elementor-widget-text-editor\" data-id=\"505b5a37\" data-element_type=\"widget\" data-e-type=\"widget\" data-widget_type=\"text-editor.default\">\n\t\t\t\t<div class=\"elementor-widget-container\">\n\t\t\t\t\t\t\t\t\t<p><img fetchpriority=\"high\" decoding=\"async\" src=\"https:\/\/www.rosesaneuil.com\/wp-content\/uploads\/2019\/01\/Expo-Atelier-Art-De-France.jpg\" alt=\"Expo Atelier Art De France\" class=\"alignnone size-full wp-image-75820 aligncenter\" width=\"361\" height=\"361\" srcset=\"https:\/\/www.rosesaneuil.com\/wp-content\/uploads\/2019\/01\/Expo-Atelier-Art-De-France.jpg 361w, https:\/\/www.rosesaneuil.com\/wp-content\/uploads\/2019\/01\/Expo-Atelier-Art-De-France-150x150.jpg 150w, https:\/\/www.rosesaneuil.com\/wp-content\/uploads\/2019\/01\/Expo-Atelier-Art-De-France-300x300.jpg 300w\" sizes=\"(max-width: 361px) 100vw, 361px\" \/><\/p>\n\t\t\t\t\t\t\t\t<\/div>\n\t\t\t\t<\/div>\n\t\t\t\t\t<\/div>\n\t\t<\/div>\n\t\t\t\t<div class=\"elementor-column elementor-col-50 elementor-inner-column elementor-element elementor-element-86af5eb\" data-id=\"86af5eb\" data-element_type=\"column\" data-e-type=\"column\">\n\t\t\t<div class=\"elementor-widget-wrap elementor-element-populated\">\n\t\t\t\t\t\t<div class=\"elementor-element elementor-element-a8953d1 elementor-widget elementor-widget-text-editor\" data-id=\"a8953d1\" data-element_type=\"widget\" data-e-type=\"widget\" data-widget_type=\"text-editor.default\">\n\t\t\t\t<div class=\"elementor-widget-container\">\n\t\t\t\t\t\t\t\t\t<p>Espace d\u00e9couverte des M\u00e9tiers d&#8217;Art au Viaduc des Arts \u00e0 Paris<\/p>\n<p>du 27 octobre au 23 d\u00e9cembre 2016<br \/>Prolongation jusqu&#8217;au 19 janvier 2017<\/p>\n<h3>Participation \u00e0 l&#8217;exposition&#8221;Fragments&#8221; \u00e0 l&#8217;Atelier<\/h3>\n<p>Pr\u00e9sentation de mon savoir-faire<br \/>&#8220;Associations de mati\u00e8res : un nouveau regard sur la marqueterie&#8221;<br \/>le jeudi 24 novembre de 14h30 \u00e0 16h30 \u00e0 l&#8217;Atelier.<\/p>\n<p><strong>INFOS PRATIQUES :<\/strong><\/p>\n<p>55 Avenue Daumesnil<br \/>75012 Paris<\/p>\n<p>Horaires: du mardi au samedi<br \/>De 11h \u00e0 13h et de 14h \u00e0 19h<\/p>\n<p>M\u00e9tro : Gare de Lyon (lignes 1 et 14)<\/p>\n<p><a href=\"https:\/\/www.google.com\/maps\/d\/viewer?ll=48.847131%2C2.376062&amp;spn=0.000565%2C0.003219&amp;view=map&amp;hl=fr&amp;ved=0CBYQgAc&amp;ei=_rBJTPW0N5SK_gb8zOnYAg&amp;georestrict=input_srcid%3A43d8d43610ce3318&amp;msa=0&amp;z=17&amp;source=embed&amp;ie=UTF8&amp;mid=1JGXw2Yav38uU23cfrp0w6a94-2g\" target=\"_blank\" rel=\"noopener\">Plan d&#8217;acc\u00e8s<\/a><\/p>\n<p><a href=\"https:\/\/www.latelier-viaducdesarts.com\/fr\/\" target=\"_blank\" rel=\"noopener\">Site l&#8217;Atelier d&#8217;Art de France<\/a><\/p>\n\t\t\t\t\t\t\t\t<\/div>\n\t\t\t\t<\/div>\n\t\t\t\t\t<\/div>\n\t\t<\/div>\n\t\t\t\t\t<\/div>\n\t\t<\/section>\n\t\t\t\t\t<\/div>\n\t\t<\/div>\n\t\t\t\t\t<\/div>\n\t\t<\/section>\n\t\t\t\t<\/div>\n\t\t","protected":false},"excerpt":{"rendered":"<p>Exposition &#8220;Fragments&#8221; \u00e0 l&#8217;atelier Espace d\u00e9couverte des M\u00e9tiers d&#8217;Art au Viaduc des Arts \u00e0 Paris du 27 octobre au 23 d\u00e9cembre 2016Prolongation jusqu&#8217;au 19 janvier 2017 Participation \u00e0 l&#8217;exposition&#8221;Fragments&#8221; \u00e0 l&#8217;Atelier Pr\u00e9sentation de mon savoir-faire&#8220;Associations de mati\u00e8res : un nouveau regard sur la marqueterie&#8221;le jeudi 24 novembre de 14h30 \u00e0 [&hellip;]<\/p>\n","protected":false},"author":1,"featured_media":75820,"comment_status":"open","ping_status":"open","sticky":false,"template":"elementor_header_footer","format":"standard","meta":{"_vp_format_video_url":"","_vp_image_focal_point":[],"footnotes":""},"categories":[121],"tags":[],"class_list":["post-76466","post","type-post","status-publish","format-standard","has-post-thumbnail","hentry","category-expositions"],"yoast_head":"<!-- This site is optimized with the Yoast SEO plugin v27.2 - https:\/\/yoast.com\/product\/yoast-seo-wordpress\/ -->\n<title>Exhibition &quot;Fragments&quot; at l&#039;Atelier - Rose Saneuil<\/title>\n<meta name=\"robots\" content=\"index, follow, max-snippet:-1, max-image-preview:large, max-video-preview:-1\" \/>\n<link rel=\"canonical\" href=\"https:\/\/www.rosesaneuil.com\/en\/exhibition-fragments-at-latelier\/\" \/>\n<meta property=\"og:locale\" content=\"en_US\" \/>\n<meta property=\"og:type\" content=\"article\" \/>\n<meta property=\"og:title\" content=\"Exhibition &quot;Fragments&quot; at l&#039;Atelier - Rose Saneuil\" \/>\n<meta property=\"og:description\" content=\"Exposition &#8220;Fragments&#8221; \u00e0 l&#8217;atelier Espace d\u00e9couverte des M\u00e9tiers d&#8217;Art au Viaduc des Arts \u00e0 Paris du 27 octobre au 23 d\u00e9cembre 2016Prolongation jusqu&#8217;au 19 janvier 2017 Participation \u00e0 l&#8217;exposition&#8221;Fragments&#8221; \u00e0 l&#8217;Atelier Pr\u00e9sentation de mon savoir-faire&#8220;Associations de mati\u00e8res : un nouveau regard sur la marqueterie&#8221;le jeudi 24 novembre de 14h30 \u00e0 [&hellip;]\" \/>\n<meta property=\"og:url\" content=\"https:\/\/www.rosesaneuil.com\/en\/exhibition-fragments-at-latelier\/\" \/>\n<meta property=\"og:site_name\" content=\"Rose Saneuil\" \/>\n<meta property=\"article:author\" content=\"https:\/\/www.facebook.com\/rose.saneuil.marqueterie\/\" \/>\n<meta property=\"article:published_time\" content=\"2017-01-21T15:34:58+00:00\" \/>\n<meta property=\"article:modified_time\" content=\"2020-05-05T10:15:29+00:00\" \/>\n<meta property=\"og:image\" content=\"https:\/\/www.rosesaneuil.com\/wp-content\/uploads\/2019\/01\/Expo-Atelier-Art-De-France.jpg\" \/>\n\t<meta property=\"og:image:width\" content=\"361\" \/>\n\t<meta property=\"og:image:height\" content=\"361\" \/>\n\t<meta property=\"og:image:type\" content=\"image\/jpeg\" \/>\n<meta name=\"author\" content=\"Rose\" \/>\n<meta name=\"twitter:card\" content=\"summary_large_image\" \/>\n<meta name=\"twitter:label1\" content=\"Written by\" \/>\n\t<meta name=\"twitter:data1\" content=\"Rose\" \/>\n<script type=\"application\/ld+json\" class=\"yoast-schema-graph\">{\"@context\":\"https:\/\/schema.org\",\"@graph\":[{\"@type\":\"Article\",\"@id\":\"https:\/\/www.rosesaneuil.com\/en\/exhibition-fragments-at-latelier\/#article\",\"isPartOf\":{\"@id\":\"https:\/\/www.rosesaneuil.com\/en\/exhibition-fragments-at-latelier\/\"},\"author\":{\"name\":\"Rose\",\"@id\":\"https:\/\/www.rosesaneuil.com\/en\/#\/schema\/person\/211780fb1e9eb2d6faa65d0d302d1fa6\"},\"headline\":\"Exhibition &#8220;Fragments&#8221; at l&#8217;Atelier\",\"datePublished\":\"2017-01-21T15:34:58+00:00\",\"dateModified\":\"2020-05-05T10:15:29+00:00\",\"mainEntityOfPage\":{\"@id\":\"https:\/\/www.rosesaneuil.com\/en\/exhibition-fragments-at-latelier\/\"},\"wordCount\":94,\"commentCount\":0,\"publisher\":{\"@id\":\"https:\/\/www.rosesaneuil.com\/en\/#organization\"},\"image\":{\"@id\":\"https:\/\/www.rosesaneuil.com\/en\/exhibition-fragments-at-latelier\/#primaryimage\"},\"thumbnailUrl\":\"https:\/\/www.rosesaneuil.com\/wp-content\/uploads\/2019\/01\/Expo-Atelier-Art-De-France.jpg\",\"articleSection\":[\"Expositions\"],\"inLanguage\":\"en-US\",\"potentialAction\":[{\"@type\":\"CommentAction\",\"name\":\"Comment\",\"target\":[\"https:\/\/www.rosesaneuil.com\/en\/exhibition-fragments-at-latelier\/#respond\"]}]},{\"@type\":\"WebPage\",\"@id\":\"https:\/\/www.rosesaneuil.com\/en\/exhibition-fragments-at-latelier\/\",\"url\":\"https:\/\/www.rosesaneuil.com\/en\/exhibition-fragments-at-latelier\/\",\"name\":\"Exhibition \\\"Fragments\\\" at l'Atelier - Rose Saneuil\",\"isPartOf\":{\"@id\":\"https:\/\/www.rosesaneuil.com\/en\/#website\"},\"primaryImageOfPage\":{\"@id\":\"https:\/\/www.rosesaneuil.com\/en\/exhibition-fragments-at-latelier\/#primaryimage\"},\"image\":{\"@id\":\"https:\/\/www.rosesaneuil.com\/en\/exhibition-fragments-at-latelier\/#primaryimage\"},\"thumbnailUrl\":\"https:\/\/www.rosesaneuil.com\/wp-content\/uploads\/2019\/01\/Expo-Atelier-Art-De-France.jpg\",\"datePublished\":\"2017-01-21T15:34:58+00:00\",\"dateModified\":\"2020-05-05T10:15:29+00:00\",\"breadcrumb\":{\"@id\":\"https:\/\/www.rosesaneuil.com\/en\/exhibition-fragments-at-latelier\/#breadcrumb\"},\"inLanguage\":\"en-US\",\"potentialAction\":[{\"@type\":\"ReadAction\",\"target\":[\"https:\/\/www.rosesaneuil.com\/en\/exhibition-fragments-at-latelier\/\"]}]},{\"@type\":\"ImageObject\",\"inLanguage\":\"en-US\",\"@id\":\"https:\/\/www.rosesaneuil.com\/en\/exhibition-fragments-at-latelier\/#primaryimage\",\"url\":\"https:\/\/www.rosesaneuil.com\/wp-content\/uploads\/2019\/01\/Expo-Atelier-Art-De-France.jpg\",\"contentUrl\":\"https:\/\/www.rosesaneuil.com\/wp-content\/uploads\/2019\/01\/Expo-Atelier-Art-De-France.jpg\",\"width\":361,\"height\":361,\"caption\":\"Expo Atelier Art De France\"},{\"@type\":\"BreadcrumbList\",\"@id\":\"https:\/\/www.rosesaneuil.com\/en\/exhibition-fragments-at-latelier\/#breadcrumb\",\"itemListElement\":[{\"@type\":\"ListItem\",\"position\":1,\"name\":\"Accueil\",\"item\":\"https:\/\/www.rosesaneuil.com\/en\/\"},{\"@type\":\"ListItem\",\"position\":2,\"name\":\"Exhibition &#8220;Fragments&#8221; at l&#8217;Atelier\"}]},{\"@type\":\"WebSite\",\"@id\":\"https:\/\/www.rosesaneuil.com\/en\/#website\",\"url\":\"https:\/\/www.rosesaneuil.com\/en\/\",\"name\":\"Rose Saneuil\",\"description\":\"Marqueterie\",\"publisher\":{\"@id\":\"https:\/\/www.rosesaneuil.com\/en\/#organization\"},\"potentialAction\":[{\"@type\":\"SearchAction\",\"target\":{\"@type\":\"EntryPoint\",\"urlTemplate\":\"https:\/\/www.rosesaneuil.com\/en\/?s={search_term_string}\"},\"query-input\":{\"@type\":\"PropertyValueSpecification\",\"valueRequired\":true,\"valueName\":\"search_term_string\"}}],\"inLanguage\":\"en-US\"},{\"@type\":\"Organization\",\"@id\":\"https:\/\/www.rosesaneuil.com\/en\/#organization\",\"name\":\"Rose Saneuil\",\"url\":\"https:\/\/www.rosesaneuil.com\/en\/\",\"logo\":{\"@type\":\"ImageObject\",\"inLanguage\":\"en-US\",\"@id\":\"https:\/\/www.rosesaneuil.com\/en\/#\/schema\/logo\/image\/\",\"url\":\"https:\/\/www.rosesaneuil.com\/wp-content\/uploads\/2019\/12\/cropped-2019-11-logo-Rose-scaled.jpg\",\"contentUrl\":\"https:\/\/www.rosesaneuil.com\/wp-content\/uploads\/2019\/12\/cropped-2019-11-logo-Rose-scaled.jpg\",\"width\":2560,\"height\":1504,\"caption\":\"Rose Saneuil\"},\"image\":{\"@id\":\"https:\/\/www.rosesaneuil.com\/en\/#\/schema\/logo\/image\/\"}},{\"@type\":\"Person\",\"@id\":\"https:\/\/www.rosesaneuil.com\/en\/#\/schema\/person\/211780fb1e9eb2d6faa65d0d302d1fa6\",\"name\":\"Rose\",\"description\":\"Art &amp; mati\u00e8res - Marqueterie PARIS\",\"sameAs\":[\"http:\/\/www.rosesaneuil.com\",\"https:\/\/www.facebook.com\/rose.saneuil.marqueterie\/\",\"https:\/\/www.instagram.com\/rosesaneuil\/\"],\"url\":\"https:\/\/www.rosesaneuil.com\/en\/author\/r0se\/\"}]}<\/script>\n<!-- \/ Yoast SEO plugin. -->","yoast_head_json":{"title":"Exhibition \"Fragments\" at l'Atelier - Rose Saneuil","robots":{"index":"index","follow":"follow","max-snippet":"max-snippet:-1","max-image-preview":"max-image-preview:large","max-video-preview":"max-video-preview:-1"},"canonical":"https:\/\/www.rosesaneuil.com\/en\/exhibition-fragments-at-latelier\/","og_locale":"en_US","og_type":"article","og_title":"Exhibition \"Fragments\" at l'Atelier - Rose Saneuil","og_description":"Exposition &#8220;Fragments&#8221; \u00e0 l&#8217;atelier Espace d\u00e9couverte des M\u00e9tiers d&#8217;Art au Viaduc des Arts \u00e0 Paris du 27 octobre au 23 d\u00e9cembre 2016Prolongation jusqu&#8217;au 19 janvier 2017 Participation \u00e0 l&#8217;exposition&#8221;Fragments&#8221; \u00e0 l&#8217;Atelier Pr\u00e9sentation de mon savoir-faire&#8220;Associations de mati\u00e8res : un nouveau regard sur la marqueterie&#8221;le jeudi 24 novembre de 14h30 \u00e0 [&hellip;]","og_url":"https:\/\/www.rosesaneuil.com\/en\/exhibition-fragments-at-latelier\/","og_site_name":"Rose Saneuil","article_author":"https:\/\/www.facebook.com\/rose.saneuil.marqueterie\/","article_published_time":"2017-01-21T15:34:58+00:00","article_modified_time":"2020-05-05T10:15:29+00:00","og_image":[{"width":361,"height":361,"url":"https:\/\/www.rosesaneuil.com\/wp-content\/uploads\/2019\/01\/Expo-Atelier-Art-De-France.jpg","type":"image\/jpeg"}],"author":"Rose","twitter_card":"summary_large_image","twitter_misc":{"Written by":"Rose"},"schema":{"@context":"https:\/\/schema.org","@graph":[{"@type":"Article","@id":"https:\/\/www.rosesaneuil.com\/en\/exhibition-fragments-at-latelier\/#article","isPartOf":{"@id":"https:\/\/www.rosesaneuil.com\/en\/exhibition-fragments-at-latelier\/"},"author":{"name":"Rose","@id":"https:\/\/www.rosesaneuil.com\/en\/#\/schema\/person\/211780fb1e9eb2d6faa65d0d302d1fa6"},"headline":"Exhibition &#8220;Fragments&#8221; at l&#8217;Atelier","datePublished":"2017-01-21T15:34:58+00:00","dateModified":"2020-05-05T10:15:29+00:00","mainEntityOfPage":{"@id":"https:\/\/www.rosesaneuil.com\/en\/exhibition-fragments-at-latelier\/"},"wordCount":94,"commentCount":0,"publisher":{"@id":"https:\/\/www.rosesaneuil.com\/en\/#organization"},"image":{"@id":"https:\/\/www.rosesaneuil.com\/en\/exhibition-fragments-at-latelier\/#primaryimage"},"thumbnailUrl":"https:\/\/www.rosesaneuil.com\/wp-content\/uploads\/2019\/01\/Expo-Atelier-Art-De-France.jpg","articleSection":["Expositions"],"inLanguage":"en-US","potentialAction":[{"@type":"CommentAction","name":"Comment","target":["https:\/\/www.rosesaneuil.com\/en\/exhibition-fragments-at-latelier\/#respond"]}]},{"@type":"WebPage","@id":"https:\/\/www.rosesaneuil.com\/en\/exhibition-fragments-at-latelier\/","url":"https:\/\/www.rosesaneuil.com\/en\/exhibition-fragments-at-latelier\/","name":"Exhibition \"Fragments\" at l'Atelier - Rose Saneuil","isPartOf":{"@id":"https:\/\/www.rosesaneuil.com\/en\/#website"},"primaryImageOfPage":{"@id":"https:\/\/www.rosesaneuil.com\/en\/exhibition-fragments-at-latelier\/#primaryimage"},"image":{"@id":"https:\/\/www.rosesaneuil.com\/en\/exhibition-fragments-at-latelier\/#primaryimage"},"thumbnailUrl":"https:\/\/www.rosesaneuil.com\/wp-content\/uploads\/2019\/01\/Expo-Atelier-Art-De-France.jpg","datePublished":"2017-01-21T15:34:58+00:00","dateModified":"2020-05-05T10:15:29+00:00","breadcrumb":{"@id":"https:\/\/www.rosesaneuil.com\/en\/exhibition-fragments-at-latelier\/#breadcrumb"},"inLanguage":"en-US","potentialAction":[{"@type":"ReadAction","target":["https:\/\/www.rosesaneuil.com\/en\/exhibition-fragments-at-latelier\/"]}]},{"@type":"ImageObject","inLanguage":"en-US","@id":"https:\/\/www.rosesaneuil.com\/en\/exhibition-fragments-at-latelier\/#primaryimage","url":"https:\/\/www.rosesaneuil.com\/wp-content\/uploads\/2019\/01\/Expo-Atelier-Art-De-France.jpg","contentUrl":"https:\/\/www.rosesaneuil.com\/wp-content\/uploads\/2019\/01\/Expo-Atelier-Art-De-France.jpg","width":361,"height":361,"caption":"Expo Atelier Art De France"},{"@type":"BreadcrumbList","@id":"https:\/\/www.rosesaneuil.com\/en\/exhibition-fragments-at-latelier\/#breadcrumb","itemListElement":[{"@type":"ListItem","position":1,"name":"Accueil","item":"https:\/\/www.rosesaneuil.com\/en\/"},{"@type":"ListItem","position":2,"name":"Exhibition &#8220;Fragments&#8221; at l&#8217;Atelier"}]},{"@type":"WebSite","@id":"https:\/\/www.rosesaneuil.com\/en\/#website","url":"https:\/\/www.rosesaneuil.com\/en\/","name":"Rose Saneuil","description":"Marqueterie","publisher":{"@id":"https:\/\/www.rosesaneuil.com\/en\/#organization"},"potentialAction":[{"@type":"SearchAction","target":{"@type":"EntryPoint","urlTemplate":"https:\/\/www.rosesaneuil.com\/en\/?s={search_term_string}"},"query-input":{"@type":"PropertyValueSpecification","valueRequired":true,"valueName":"search_term_string"}}],"inLanguage":"en-US"},{"@type":"Organization","@id":"https:\/\/www.rosesaneuil.com\/en\/#organization","name":"Rose Saneuil","url":"https:\/\/www.rosesaneuil.com\/en\/","logo":{"@type":"ImageObject","inLanguage":"en-US","@id":"https:\/\/www.rosesaneuil.com\/en\/#\/schema\/logo\/image\/","url":"https:\/\/www.rosesaneuil.com\/wp-content\/uploads\/2019\/12\/cropped-2019-11-logo-Rose-scaled.jpg","contentUrl":"https:\/\/www.rosesaneuil.com\/wp-content\/uploads\/2019\/12\/cropped-2019-11-logo-Rose-scaled.jpg","width":2560,"height":1504,"caption":"Rose Saneuil"},"image":{"@id":"https:\/\/www.rosesaneuil.com\/en\/#\/schema\/logo\/image\/"}},{"@type":"Person","@id":"https:\/\/www.rosesaneuil.com\/en\/#\/schema\/person\/211780fb1e9eb2d6faa65d0d302d1fa6","name":"Rose","description":"Art &amp; mati\u00e8res - Marqueterie PARIS","sameAs":["http:\/\/www.rosesaneuil.com","https:\/\/www.facebook.com\/rose.saneuil.marqueterie\/","https:\/\/www.instagram.com\/rosesaneuil\/"],"url":"https:\/\/www.rosesaneuil.com\/en\/author\/r0se\/"}]}},"_links":{"self":[{"href":"https:\/\/www.rosesaneuil.com\/en\/wp-json\/wp\/v2\/posts\/76466","targetHints":{"allow":["GET"]}}],"collection":[{"href":"https:\/\/www.rosesaneuil.com\/en\/wp-json\/wp\/v2\/posts"}],"about":[{"href":"https:\/\/www.rosesaneuil.com\/en\/wp-json\/wp\/v2\/types\/post"}],"author":[{"embeddable":true,"href":"https:\/\/www.rosesaneuil.com\/en\/wp-json\/wp\/v2\/users\/1"}],"replies":[{"embeddable":true,"href":"https:\/\/www.rosesaneuil.com\/en\/wp-json\/wp\/v2\/comments?post=76466"}],"version-history":[{"count":5,"href":"https:\/\/www.rosesaneuil.com\/en\/wp-json\/wp\/v2\/posts\/76466\/revisions"}],"predecessor-version":[{"id":80663,"href":"https:\/\/www.rosesaneuil.com\/en\/wp-json\/wp\/v2\/posts\/76466\/revisions\/80663"}],"wp:featuredmedia":[{"embeddable":true,"href":"https:\/\/www.rosesaneuil.com\/en\/wp-json\/wp\/v2\/media\/75820"}],"wp:attachment":[{"href":"https:\/\/www.rosesaneuil.com\/en\/wp-json\/wp\/v2\/media?parent=76466"}],"wp:term":[{"taxonomy":"category","embeddable":true,"href":"https:\/\/www.rosesaneuil.com\/en\/wp-json\/wp\/v2\/categories?post=76466"},{"taxonomy":"post_tag","embeddable":true,"href":"https:\/\/www.rosesaneuil.com\/en\/wp-json\/wp\/v2\/tags?post=76466"}],"curies":[{"name":"wp","href":"https:\/\/api.w.org\/{rel}","templated":true}]}}